{"id":76529,"date":"2026-04-25T08:37:04","date_gmt":"2026-04-25T04:37:04","guid":{"rendered":"https:\/\/azerbaycan.media\/?p=76529"},"modified":"2026-04-25T08:37:04","modified_gmt":"2026-04-25T04:37:04","slug":"sosial-m%c9%99nzil-huququ-t%c9%99krar-muraci%c9%99t-kiml%c9%99r-ucun-mumkundur","status":"publish","type":"post","link":"https:\/\/azerbaycan.media\/?p=76529","title":{"rendered":"Sosial m\u0259nzil h\u00fcququ: T\u0259krar m\u00fcraci\u0259t kiml\u0259r \u00fc\u00e7\u00fcn m\u00fcmk\u00fcnd\u00fcr?"},"content":{"rendered":"<p><strong>Az\u0259rbaycan.media<\/strong> x\u0259b\u0259r verir ki, sosial m\u0259nzill\u0259rl\u0259 ba\u011fl\u0131 yeni yana\u015fmalar c\u0259miyy\u0259td\u0259 geni\u015f m\u00fczakir\u0259l\u0259r\u0259 s\u0259b\u0259b olub v\u0259 x\u00fcsusil\u0259 bu h\u00fcquqdan ikinci d\u0259f\u0259 istifad\u0259 imkanlar\u0131 diqq\u0259t m\u0259rk\u0259zin\u0259 d\u00fc\u015f\u00fcb.<br \/>\nM\u00f6vcud qanunvericiliy\u0259 \u0259sas\u0259n, imtiyazl\u0131 kateqoriyaya daxil olan v\u0259t\u0259nda\u015flar d\u00f6vl\u0259t hesab\u0131na m\u0259nzill\u0259 yaln\u0131z bir d\u0259f\u0259 t\u0259min oluna bil\u0259rl\u0259r. H\u00fcquq\u015f\u00fcnas \u018flim\u0259mm\u0259d Nuriyev bildirir ki, bu mexanizmin \u0259sas m\u0259qs\u0259di v\u0259t\u0259nda\u015flar\u0131 ideal v\u0259 ya geni\u015f ya\u015fay\u0131\u015f \u015f\u0259raiti il\u0259 deyil, minimum ya\u015fay\u0131\u015f ehtiyaclar\u0131 il\u0259 t\u0259min etm\u0259kdir. Buna g\u00f6r\u0259 d\u0259 ail\u0259 \u00fczvl\u0259rinin say\u0131n\u0131n artmas\u0131 v\u0259 ya m\u00f6vcud m\u0259nzild\u0259n naraz\u0131l\u0131q yeni h\u00fcquqi \u0259sas yaratm\u0131r.<br \/>\nOnun s\u00f6zl\u0259rin\u0259 g\u00f6r\u0259, t\u0259krar m\u00fcraci\u0259t yaln\u0131z istisna hallarda m\u00fcmk\u00fcnd\u00fcr. Bel\u0259 ki, t\u0259bii f\u0259lak\u0259t n\u0259tic\u0259sind\u0259 ya\u015fay\u0131\u015f sah\u0259sinin yarars\u0131z hala d\u00fc\u015fm\u0259si kimi hallar yeni h\u00fcquqi v\u0259ziyy\u0259t hesab edil\u0259 bil\u0259r. Dig\u0259r hallarda eyni \u0259sasla yenid\u0259n m\u0259nzil t\u0259l\u0259b etm\u0259k sosial \u0259dal\u0259t prinsipl\u0259rin\u0259 zidd say\u0131l\u0131r v\u0259 dig\u0259r ehtiyacl\u0131 \u015f\u0259xsl\u0259rin h\u00fcquqlar\u0131na t\u0259sir edir.<br \/>\nSosial Xidm\u0259tl\u0259r Agentliyi d\u0259 bildirir ki, t\u0259tbiq olunan qaydalar d\u00f6vl\u0259t resurslar\u0131n\u0131n \u0259dal\u0259tli b\u00f6l\u00fc\u015fd\u00fcr\u00fclm\u0259si m\u0259qs\u0259di da\u015f\u0131y\u0131r. Qeyd olunub ki, \u0259lilliyi olan \u015f\u0259xsl\u0259r v\u0259 \u015f\u0259hid ail\u0259l\u0259ri daim diqq\u0259t m\u0259rk\u0259zind\u0259 saxlan\u0131l\u0131r v\u0259 indiy\u0259d\u0259k bu kateqoriyadan 16 mind\u0259n \u00e7ox \u015f\u0259xs m\u0259nzil v\u0259 ya f\u0259rdi evl\u0259 t\u0259min edilib.<br \/>\nBel\u0259likl\u0259, qanunvericilik sosial m\u0259nzil t\u0259minat\u0131n\u0131 \u201cbird\u0259f\u0259lik\u201d prinsip \u0259sas\u0131nda t\u0259nziml\u0259yir v\u0259 t\u0259krar m\u00fcraci\u0259tl\u0259r yaln\u0131z f\u00f6vq\u0259lad\u0259 hallarla m\u0259hdudla\u015fd\u0131r\u0131l\u0131r.<\/p>\n","protected":false},"excerpt":{"rendered":"<p>Az\u0259rbaycan.media x\u0259b\u0259r verir ki, sosial m\u0259nzill\u0259rl\u0259 ba\u011fl\u0131 yeni yana\u015fmalar c\u0259miyy\u0259td\u0259 geni\u015f m\u00fczakir\u0259l\u0259r\u0259 s\u0259b\u0259b olub v\u0259 x\u00fcsusil\u0259 bu h\u00fcquqdan ikinci d\u0259f\u0259 istifad\u0259 imkanlar\u0131 diqq\u0259t m\u0259rk\u0259zin\u0259 d\u00fc\u015f\u00fcb. M\u00f6vcud qanunvericiliy\u0259 \u0259sas\u0259n, imtiyazl\u0131 kateqoriyaya&hellip; <\/p>\n","protected":false},"author":537,"featured_media":76530,"comment_status":"closed","ping_status":"closed","sticky":false,"template":"","format":"standard","meta":{"footnotes":""},"categories":[71],"tags":[],"class_list":["post-76529","post","type-post","status-publish","format-standard","has-post-thumbnail","hentry","category-sosial"],"_links":{"self":[{"href":"https:\/\/azerbaycan.media\/index.php?rest_route=\/wp\/v2\/posts\/76529","targetHints":{"allow":["GET"]}}],"collection":[{"href":"https:\/\/azerbaycan.media\/index.php?rest_route=\/wp\/v2\/posts"}],"about":[{"href":"https:\/\/azerbaycan.media\/index.php?rest_route=\/wp\/v2\/types\/post"}],"author":[{"embeddable":true,"href":"https:\/\/azerbaycan.media\/index.php?rest_route=\/wp\/v2\/users\/537"}],"replies":[{"embeddable":true,"href":"https:\/\/azerbaycan.media\/index.php?rest_route=%2Fwp%2Fv2%2Fcomments&post=76529"}],"version-history":[{"count":2,"href":"https:\/\/azerbaycan.media\/index.php?rest_route=\/wp\/v2\/posts\/76529\/revisions"}],"predecessor-version":[{"id":76532,"href":"https:\/\/azerbaycan.media\/index.php?rest_route=\/wp\/v2\/posts\/76529\/revisions\/76532"}],"wp:featuredmedia":[{"embeddable":true,"href":"https:\/\/azerbaycan.media\/index.php?rest_route=\/wp\/v2\/media\/76530"}],"wp:attachment":[{"href":"https:\/\/azerbaycan.media\/index.php?rest_route=%2Fwp%2Fv2%2Fmedia&parent=76529"}],"wp:term":[{"taxonomy":"category","embeddable":true,"href":"https:\/\/azerbaycan.media\/index.php?rest_route=%2Fwp%2Fv2%2Fcategories&post=76529"},{"taxonomy":"post_tag","embeddable":true,"href":"https:\/\/azerbaycan.media\/index.php?rest_route=%2Fwp%2Fv2%2Ftags&post=76529"}],"curies":[{"name":"wp","href":"https:\/\/api.w.org\/{rel}","templated":true}]}}