{"id":65470,"date":"2025-12-29T21:31:08","date_gmt":"2025-12-29T17:31:08","guid":{"rendered":"https:\/\/azerbaycan.media\/?p=65470"},"modified":"2025-12-30T21:31:00","modified_gmt":"2025-12-30T17:31:00","slug":"xank%c9%99ndid%c9%99-dunya-az%c9%99rbaycanlilarinin-h%c9%99mr%c9%99yliyi-gunu-v%c9%99-yeni-il%c9%99-h%c9%99sr-olunan-bayram-konserti-kecirilib","status":"publish","type":"post","link":"https:\/\/azerbaycan.media\/?p=65470","title":{"rendered":"Xank\u0259ndid\u0259 D\u00fcnya Az\u0259rbaycanl\u0131lar\u0131n\u0131n H\u0259mr\u0259yliyi G\u00fcn\u00fc v\u0259 Yeni il\u0259 h\u0259sr olunan bayram konserti ke\u00e7irilib"},"content":{"rendered":"<div class=\"relative basis-auto flex-col -mb-(--composer-overlap-px) [--composer-overlap-px:28px] grow flex\">\n<div class=\"flex flex-col text-sm pb-25\">\n<article class=\"text-token-text-primary w-full focus:outline-none [--shadow-height:45px] has-data-writing-block:pointer-events-none has-data-writing-block:-mt-(--shadow-height) has-data-writing-block:pt-(--shadow-height) [&amp;:has([data-writing-block])&gt;*]:pointer-events-auto [content-visibility:auto] supports-[content-visibility:auto]:[contain-intrinsic-size:auto_100lvh] scroll-mt-[calc(var(--header-height)+min(200px,max(70px,20svh)))]\" dir=\"auto\" tabindex=\"-1\" data-turn-id=\"ab16ed3f-9618-424f-a2ef-1d1c656e2d9d\" data-testid=\"conversation-turn-2\" data-scroll-anchor=\"true\" data-turn=\"assistant\">\n<div class=\"text-base my-auto mx-auto pb-10 [--thread-content-margin:--spacing(4)] @w-sm\/main:[--thread-content-margin:--spacing(6)] @w-lg\/main:[--thread-content-margin:--spacing(16)] px-(--thread-content-margin)\">\n<div class=\"[--thread-content-max-width:40rem] @w-lg\/main:[--thread-content-max-width:48rem] mx-auto max-w-(--thread-content-max-width) flex-1 group\/turn-messages focus-visible:outline-hidden relative flex w-full min-w-0 flex-col agent-turn\" tabindex=\"-1\">\n<div class=\"flex max-w-full flex-col grow\">\n<div class=\"min-h-8 text-message relative flex w-full flex-col items-end gap-2 text-start break-words whitespace-normal [.text-message+&amp;]:mt-1\" dir=\"auto\" data-message-author-role=\"assistant\" data-message-id=\"6525b3df-4aed-41f9-8767-93775c6e165d\" data-message-model-slug=\"gpt-5-2\">\n<div class=\"flex w-full flex-col gap-1 empty:hidden first:pt-[1px]\">\n<div class=\"markdown prose dark:prose-invert w-full break-words light markdown-new-styling\">\n<p data-start=\"108\" data-end=\"273\"><em data-start=\"108\" data-end=\"142\"><strong>Az\u0259rbaycan.media<\/strong> x\u0259b\u0259r verir ki,<\/em> dekabr\u0131n 29-da Xank\u0259ndi \u015f\u0259h\u0259rind\u0259 D\u00fcnya Az\u0259rbaycanl\u0131lar\u0131n\u0131n H\u0259mr\u0259yliyi G\u00fcn\u00fc v\u0259 Yeni il m\u00fcnasib\u0259til\u0259 bayram konserti t\u0259\u015fkil olunub.<\/p>\n<p data-start=\"275\" data-end=\"717\">Xank\u0259ndi \u015f\u0259h\u0259rind\u0259, A\u011fd\u0259r\u0259 v\u0259 Xocal\u0131 rayonlar\u0131nda B\u0259rpa, Tikinti v\u0259 \u0130dar\u0259etm\u0259 Xidm\u0259tinin ictimaiyy\u0259tl\u0259 \u0259laq\u0259l\u0259r \u015f\u00f6b\u0259sind\u0259n APA-n\u0131n Qaraba\u011f b\u00fcrosuna bildirilib ki, \u015f\u0259h\u0259rin Z\u0259f\u0259r meydan\u0131nda ke\u00e7iril\u0259n \u201cQ\u0131\u015f na\u011f\u0131l\u0131\u201d yarmarkas\u0131 \u00e7\u0259r\u00e7iv\u0259sind\u0259 ba\u015f tutan konsert Az\u0259rbaycan Respublikas\u0131 Prezidentinin Xank\u0259ndi \u015f\u0259h\u0259rind\u0259, A\u011fd\u0259r\u0259 v\u0259 Xocal\u0131 rayonlar\u0131nda X\u00fcsusi N\u00fcmay\u0259nd\u0259liyinin d\u0259st\u0259yi, B\u0259rpa, Tikinti v\u0259 \u0130dar\u0259etm\u0259 Xidm\u0259tinin t\u0259\u015fkilat\u00e7\u0131l\u0131\u011f\u0131 il\u0259 realla\u015f\u0131b.<\/p>\n<p data-start=\"719\" data-end=\"946\">Bayram konsertind\u0259 tan\u0131nm\u0131\u015f ifa\u00e7\u0131lar v\u0259 musiqi kollektivl\u0259ri \u00e7\u0131x\u0131\u015f edibl\u0259r. S\u0259sl\u0259ndiril\u0259n musiqi n\u00f6mr\u0259l\u0259ri \u015f\u0259h\u0259r sakinl\u0259ri v\u0259 qonaqlar t\u0259r\u0259find\u0259n b\u00f6y\u00fck maraqla qar\u015f\u0131lan\u0131b, m\u0259rk\u0259zi meydanda y\u00fcks\u0259k bayram \u0259hval-ruhiyy\u0259si yarad\u0131b.<\/p>\n<p data-start=\"948\" data-end=\"1176\" data-is-last-node=\"\" data-is-only-node=\"\">T\u0259dbirin \u0259sas m\u0259qs\u0259dinin D\u00fcnya Az\u0259rbaycanl\u0131lar\u0131n\u0131n H\u0259mr\u0259yliyi G\u00fcn\u00fc v\u0259 Yeni ilin birlik v\u0259 h\u0259mr\u0259ylik ruhunda qeyd olunmas\u0131, eyni zamanda Xank\u0259ndi \u015f\u0259h\u0259rind\u0259 ictimai-m\u0259d\u0259ni h\u0259yat\u0131n canland\u0131r\u0131lmas\u0131na t\u00f6hf\u0259 verm\u0259k oldu\u011fu qeyd edilib.<\/p>\n<\/div>\n<\/div>\n<\/div>\n<\/div>\n<div class=\"z-0 flex min-h-[46px] justify-start\"><\/div>\n<div class=\"mt-3 w-full empty:hidden\">\n<div class=\"text-center\"><\/div>\n<\/div>\n<\/div>\n<\/div>\n<\/article>\n<\/div>\n<div class=\"pointer-events-none h-px w-px absolute bottom-0\" aria-hidden=\"true\" data-edge=\"true\"><\/div>\n<\/div>\n<div id=\"thread-bottom-container\" class=\"sticky bottom-0 group\/thread-bottom-container relative isolate z-10 w-full basis-auto has-data-has-thread-error:pt-2 has-data-has-thread-error:[box-shadow:var(--sharp-edge-bottom-shadow)] md:border-transparent md:pt-0 dark:border-white\/20 md:dark:border-transparent print:hidden content-fade single-line flex flex-col\">\n<div class=\"relative h-0\">\n<div><\/div>\n<\/div>\n<div id=\"thread-bottom\">\n<div class=\"text-base mx-auto [--thread-content-margin:--spacing(4)] @w-sm\/main:[--thread-content-margin:--spacing(6)] @w-lg\/main:[--thread-content-margin:--spacing(16)] px-(--thread-content-margin)\">\n<div class=\"[--thread-content-max-width:40rem] @w-lg\/main:[--thread-content-max-width:48rem] mx-auto max-w-(--thread-content-max-width) flex-1 mb-4\">\n<div class=\"pointer-events-auto relative z-1 flex h-(--composer-container-height,100%) max-w-full flex-(--composer-container-flex,1) flex-col\"><\/div>\n<\/div>\n<\/div>\n<\/div>\n<\/div>\n","protected":false},"excerpt":{"rendered":"<p>Az\u0259rbaycan.media x\u0259b\u0259r verir ki, dekabr\u0131n 29-da Xank\u0259ndi \u015f\u0259h\u0259rind\u0259 D\u00fcnya Az\u0259rbaycanl\u0131lar\u0131n\u0131n H\u0259mr\u0259yliyi G\u00fcn\u00fc v\u0259 Yeni il m\u00fcnasib\u0259til\u0259 bayram konserti t\u0259\u015fkil olunub. Xank\u0259ndi \u015f\u0259h\u0259rind\u0259, A\u011fd\u0259r\u0259 v\u0259 Xocal\u0131 rayonlar\u0131nda B\u0259rpa, Tikinti v\u0259 \u0130dar\u0259etm\u0259&hellip; <\/p>\n","protected":false},"author":4,"featured_media":65471,"comment_status":"closed","ping_status":"closed","sticky":false,"template":"","format":"standard","meta":{"footnotes":""},"categories":[71],"tags":[],"class_list":["post-65470","post","type-post","status-publish","format-standard","has-post-thumbnail","hentry","category-sosial"],"_links":{"self":[{"href":"https:\/\/azerbaycan.media\/index.php?rest_route=\/wp\/v2\/posts\/65470","targetHints":{"allow":["GET"]}}],"collection":[{"href":"https:\/\/azerbaycan.media\/index.php?rest_route=\/wp\/v2\/posts"}],"about":[{"href":"https:\/\/azerbaycan.media\/index.php?rest_route=\/wp\/v2\/types\/post"}],"author":[{"embeddable":true,"href":"https:\/\/azerbaycan.media\/index.php?rest_route=\/wp\/v2\/users\/4"}],"replies":[{"embeddable":true,"href":"https:\/\/azerbaycan.media\/index.php?rest_route=%2Fwp%2Fv2%2Fcomments&post=65470"}],"version-history":[{"count":3,"href":"https:\/\/azerbaycan.media\/index.php?rest_route=\/wp\/v2\/posts\/65470\/revisions"}],"predecessor-version":[{"id":65498,"href":"https:\/\/azerbaycan.media\/index.php?rest_route=\/wp\/v2\/posts\/65470\/revisions\/65498"}],"wp:featuredmedia":[{"embeddable":true,"href":"https:\/\/azerbaycan.media\/index.php?rest_route=\/wp\/v2\/media\/65471"}],"wp:attachment":[{"href":"https:\/\/azerbaycan.media\/index.php?rest_route=%2Fwp%2Fv2%2Fmedia&parent=65470"}],"wp:term":[{"taxonomy":"category","embeddable":true,"href":"https:\/\/azerbaycan.media\/index.php?rest_route=%2Fwp%2Fv2%2Fcategories&post=65470"},{"taxonomy":"post_tag","embeddable":true,"href":"https:\/\/azerbaycan.media\/index.php?rest_route=%2Fwp%2Fv2%2Ftags&post=65470"}],"curies":[{"name":"wp","href":"https:\/\/api.w.org\/{rel}","templated":true}]}}