{"id":65465,"date":"2025-12-29T18:12:14","date_gmt":"2025-12-29T14:12:14","guid":{"rendered":"https:\/\/azerbaycan.media\/?p=65465"},"modified":"2025-12-29T18:12:14","modified_gmt":"2025-12-29T14:12:14","slug":"leyla-eliyeva-az%c9%99rbaycan-milli-xalca-muzeyind%c9%99-s%c9%99rgil%c9%99rl%c9%99-tanis-oldu","status":"publish","type":"post","link":"https:\/\/azerbaycan.media\/?p=65465","title":{"rendered":"Leyla \u018fliyeva Az\u0259rbaycan Milli Xal\u00e7a Muzeyind\u0259 s\u0259rgil\u0259rl\u0259 tan\u0131\u015f oldu"},"content":{"rendered":"<div class=\"relative basis-auto flex-col -mb-(--composer-overlap-px) [--composer-overlap-px:28px] grow flex\">\n<div class=\"flex flex-col text-sm pb-25\">\n<article class=\"text-token-text-primary w-full focus:outline-none [--shadow-height:45px] has-data-writing-block:pointer-events-none has-data-writing-block:-mt-(--shadow-height) has-data-writing-block:pt-(--shadow-height) [&amp;:has([data-writing-block])&gt;*]:pointer-events-auto scroll-mt-[calc(var(--header-height)+min(200px,max(70px,20svh)))]\" dir=\"auto\" tabindex=\"-1\" data-turn-id=\"57308420-efe2-4500-b269-4b12b60178b7\" data-testid=\"conversation-turn-4\" data-scroll-anchor=\"true\" data-turn=\"assistant\">\n<div class=\"text-base my-auto mx-auto pb-10 [--thread-content-margin:--spacing(4)] @w-sm\/main:[--thread-content-margin:--spacing(6)] @w-lg\/main:[--thread-content-margin:--spacing(16)] px-(--thread-content-margin)\">\n<div class=\"[--thread-content-max-width:40rem] @w-lg\/main:[--thread-content-max-width:48rem] mx-auto max-w-(--thread-content-max-width) flex-1 group\/turn-messages focus-visible:outline-hidden relative flex w-full min-w-0 flex-col agent-turn\" tabindex=\"-1\">\n<div class=\"flex max-w-full flex-col grow\">\n<div class=\"min-h-8 text-message relative flex w-full flex-col items-end gap-2 text-start break-words whitespace-normal [.text-message+&amp;]:mt-1\" dir=\"auto\" data-message-author-role=\"assistant\" data-message-id=\"2346dfb9-79ca-4523-89b1-866c4c506e37\" data-message-model-slug=\"gpt-5-mini\">\n<div class=\"flex w-full flex-col gap-1 empty:hidden first:pt-[1px]\">\n<div class=\"markdown prose dark:prose-invert w-full break-words light markdown-new-styling\">\n<p data-start=\"0\" data-end=\"82\">\n<p data-start=\"84\" data-end=\"293\"><span style=\"color: #ff0000;\"><strong data-start=\"84\" data-end=\"120\">Az\u0259rbaycan.media <\/strong><\/span>x\u0259b\u0259r verir ki, Heyd\u0259r \u018fliyev Fondunun vitse-prezidenti Leyla \u018fliyeva Az\u0259rbaycan Milli Xal\u00e7a Muzeyini ziyar\u0259t edib. Onu muzeyd\u0259 direktor \u018fmin\u0259 M\u0259likova v\u0259 r\u0259ssam Emil \u018fziz qar\u015f\u0131lay\u0131blar.<\/p>\n<p data-start=\"295\" data-end=\"787\">Ziyar\u0259t zaman\u0131 Leyla \u018fliyeva ilk olaraq Emil \u018fzizin haz\u0131rda muzeyd\u0259 n\u00fcmayi\u015f olunan \u201cNax\u0131\u015f v\u0259 siluet\u201d adl\u0131 f\u0259rdi s\u0259rgisi il\u0259 tan\u0131\u015f olub. T\u0259xmin\u0259n 50 \u0259s\u0259ri \u0259hat\u0259 ed\u0259n s\u0259rgi r\u0259ssam\u0131n Az\u0259rbaycan xal\u00e7a\u00e7\u0131l\u0131\u011f\u0131n\u0131n z\u0259ngin irsini v\u0259 \u0259n\u0259n\u0259vi nax\u0131\u015flar\u0131 m\u00fcasir b\u0259dii dild\u0259 yenid\u0259n t\u0259svir etdiyini n\u00fcmayi\u015f etdirir. S\u0259rgid\u0259 Qaraba\u011f atlar\u0131n\u0131n t\u0259svirl\u0259ri v\u0259 qad\u0131n portretl\u0259ri x\u00fcsusil\u0259 diqq\u0259t \u00e7\u0259kir, nax\u0131\u015f v\u0259 siluetl\u0259r xal\u00e7a motivl\u0259rinin ritmi il\u0259 ustal\u0131qla birl\u0259\u015fdirilib. S\u0259rgi yanvar\u0131n 12-d\u0259k davam ed\u0259c\u0259k.<\/p>\n<p data-start=\"789\" data-end=\"1162\">Daha sonra Leyla \u018fliyeva Az\u0259rbaycan\u0131n \u018fm\u0259kdar r\u0259ssam\u0131 Faiq \u018fhm\u0259din \u201cFaiq \u018fhm\u0259d: 2011\u20132024-c\u00fc ill\u0259r\u201d adl\u0131 retrospektiv s\u0259rgisini ziyar\u0259t edib. S\u0259rgi m\u00fc\u0259llifin yarad\u0131c\u0131l\u0131\u011f\u0131n\u0131n \u0259sas m\u0259rh\u0259l\u0259l\u0259rini \u0259hat\u0259 edir v\u0259 \u0259n\u0259n\u0259vi Az\u0259rbaycan xal\u00e7a\u00e7\u0131l\u0131\u011f\u0131na innovativ yana\u015fmas\u0131n\u0131 g\u00f6st\u0259rir. Faiq \u018fhm\u0259din \u0259s\u0259rl\u0259ri beyn\u0259lxalq s\u0259viyy\u0259d\u0259 tan\u0131n\u0131r v\u0259 d\u00fcnyan\u0131n apar\u0131c\u0131 muzeyl\u0259rind\u0259 n\u00fcmayi\u015f olunur.<\/p>\n<p data-start=\"1164\" data-end=\"1504\">Ziyar\u0259t \u00e7\u0259r\u00e7iv\u0259sind\u0259 Leyla \u018fliyeva g\u00f6rk\u0259mli r\u0259ssam, alim v\u0259 Az\u0259rbaycan Milli Xal\u00e7a Muzeyinin t\u0259sis\u00e7isi L\u0259tif K\u0259rimova h\u0259sr olunmu\u015f s\u0259rgi il\u0259 d\u0259 tan\u0131\u015f olub. Muzeyd\u0259 Leyla \u018fliyevaya L\u0259tif K\u0259rimovun m\u00fc\u0259llifi oldu\u011fu xal\u00e7alar, eskizl\u0259r v\u0259 arxiv materiallar\u0131 t\u0259qdim edilib. Qeyd edilib ki, 2026-c\u0131 ild\u0259 onun anadan olmas\u0131n\u0131n 120 ili tamam olur.<\/p>\n<p data-start=\"1506\" data-end=\"1915\">Ziyar\u0259t zaman\u0131 muzeyin III m\u0259rt\u0259b\u0259sind\u0259 yenil\u0259nmi\u015f s\u0259rgi il\u0259 d\u0259 tan\u0131\u015fl\u0131q olub. Burada m\u00fcasir m\u00fc\u0259llif xal\u00e7alar\u0131 v\u0259 dekorativ-t\u0259tbiqi s\u0259n\u0259t n\u00fcmun\u0259l\u0259ri \u2013 keramika, a\u011facoyma, batik, qobelen, b\u0259dii \u015f\u00fc\u015f\u0259 v\u0259 dig\u0259r \u0259s\u0259rl\u0259r n\u00fcmayi\u015f olunur. S\u0259rgid\u0259 Eldar Mikay\u0131lzad\u0259, Eldar Hac\u0131yev, Samir\u0259 Allahverdiyeva, \u00c7ingiz Babayev, Tariel B\u0259\u015firov, Ali Pariyab v\u0259 dig\u0259r m\u00fcasir Az\u0259rbaycan xal\u00e7a\u00e7\u0131l\u0131\u011f\u0131n\u0131n ustalar\u0131 i\u015ftirak edibl\u0259r.<\/p>\n<p data-start=\"1917\" data-end=\"2128\" data-is-last-node=\"\" data-is-only-node=\"\">Leyla \u018fliyevan\u0131n ziyar\u0259ti Az\u0259rbaycan Milli Xal\u00e7a Muzeyinin milli xal\u00e7a s\u0259n\u0259tinin qorunmas\u0131, \u00f6yr\u0259nilm\u0259si v\u0259 t\u0259bli\u011find\u0259, h\u0259m\u00e7inin tarixi irsi m\u00fcasir b\u0259dii prosesl\u0259rl\u0259 birl\u0259\u015fdir\u0259n \u00f6n\u0259mli rolunu bir daha vur\u011fulay\u0131b.<\/p>\n<\/div>\n<\/div>\n<\/div>\n<\/div>\n<div class=\"z-0 flex min-h-[46px] justify-start\"><\/div>\n<div class=\"mt-3 w-full empty:hidden\">\n<div class=\"text-center\"><\/div>\n<\/div>\n<\/div>\n<\/div>\n<\/article>\n<\/div>\n<\/div>\n","protected":false},"excerpt":{"rendered":"<p>Az\u0259rbaycan.media x\u0259b\u0259r verir ki, Heyd\u0259r \u018fliyev Fondunun vitse-prezidenti Leyla \u018fliyeva Az\u0259rbaycan Milli Xal\u00e7a Muzeyini ziyar\u0259t edib. Onu muzeyd\u0259 direktor \u018fmin\u0259 M\u0259likova v\u0259 r\u0259ssam Emil \u018fziz qar\u015f\u0131lay\u0131blar. Ziyar\u0259t zaman\u0131 Leyla \u018fliyeva&hellip; <\/p>\n","protected":false},"author":4,"featured_media":65466,"comment_status":"closed","ping_status":"closed","sticky":false,"template":"","format":"standard","meta":{"footnotes":""},"categories":[50,1],"tags":[],"class_list":["post-65465","post","type-post","status-publish","format-standard","has-post-thumbnail","hentry","category-gundm","category-manset"],"_links":{"self":[{"href":"https:\/\/azerbaycan.media\/index.php?rest_route=\/wp\/v2\/posts\/65465","targetHints":{"allow":["GET"]}}],"collection":[{"href":"https:\/\/azerbaycan.media\/index.php?rest_route=\/wp\/v2\/posts"}],"about":[{"href":"https:\/\/azerbaycan.media\/index.php?rest_route=\/wp\/v2\/types\/post"}],"author":[{"embeddable":true,"href":"https:\/\/azerbaycan.media\/index.php?rest_route=\/wp\/v2\/users\/4"}],"replies":[{"embeddable":true,"href":"https:\/\/azerbaycan.media\/index.php?rest_route=%2Fwp%2Fv2%2Fcomments&post=65465"}],"version-history":[{"count":2,"href":"https:\/\/azerbaycan.media\/index.php?rest_route=\/wp\/v2\/posts\/65465\/revisions"}],"predecessor-version":[{"id":65468,"href":"https:\/\/azerbaycan.media\/index.php?rest_route=\/wp\/v2\/posts\/65465\/revisions\/65468"}],"wp:featuredmedia":[{"embeddable":true,"href":"https:\/\/azerbaycan.media\/index.php?rest_route=\/wp\/v2\/media\/65466"}],"wp:attachment":[{"href":"https:\/\/azerbaycan.media\/index.php?rest_route=%2Fwp%2Fv2%2Fmedia&parent=65465"}],"wp:term":[{"taxonomy":"category","embeddable":true,"href":"https:\/\/azerbaycan.media\/index.php?rest_route=%2Fwp%2Fv2%2Fcategories&post=65465"},{"taxonomy":"post_tag","embeddable":true,"href":"https:\/\/azerbaycan.media\/index.php?rest_route=%2Fwp%2Fv2%2Ftags&post=65465"}],"curies":[{"name":"wp","href":"https:\/\/api.w.org\/{rel}","templated":true}]}}