{"id":65460,"date":"2025-12-29T16:47:10","date_gmt":"2025-12-29T12:47:10","guid":{"rendered":"https:\/\/azerbaycan.media\/?p=65460"},"modified":"2025-12-29T16:47:15","modified_gmt":"2025-12-29T12:47:15","slug":"xvica-kvaratsxeliya-gurcustanda-ilin-futbolcusu-secildi-tarixi-ugur","status":"publish","type":"post","link":"https:\/\/azerbaycan.media\/?p=65460","title":{"rendered":"Xvi\u00e7a Kvaratsxeliya G\u00fcrc\u00fcstanda ilin futbol\u00e7usu se\u00e7ildi \u2013 tarixi u\u011fur"},"content":{"rendered":"<div class=\"relative basis-auto flex-col -mb-(--composer-overlap-px) [--composer-overlap-px:28px] grow flex\">\n<div class=\"flex flex-col text-sm\">\n<article class=\"text-token-text-primary w-full focus:outline-none [--shadow-height:45px] has-data-writing-block:pointer-events-none has-data-writing-block:-mt-(--shadow-height) has-data-writing-block:pt-(--shadow-height) [&amp;:has([data-writing-block])&gt;*]:pointer-events-auto [content-visibility:auto] supports-[content-visibility:auto]:[contain-intrinsic-size:auto_100lvh] scroll-mt-[calc(var(--header-height)+min(200px,max(70px,20svh)))]\" dir=\"auto\" tabindex=\"-1\" data-turn-id=\"d4fe6f74-fe2a-4aae-b9f2-f41f346fb127\" data-testid=\"conversation-turn-2\" data-scroll-anchor=\"true\" data-turn=\"assistant\">\n<div class=\"text-base my-auto mx-auto pb-10 [--thread-content-margin:--spacing(4)] @w-sm\/main:[--thread-content-margin:--spacing(6)] @w-lg\/main:[--thread-content-margin:--spacing(16)] px-(--thread-content-margin)\">\n<div class=\"[--thread-content-max-width:40rem] @w-lg\/main:[--thread-content-max-width:48rem] mx-auto max-w-(--thread-content-max-width) flex-1 group\/turn-messages focus-visible:outline-hidden relative flex w-full min-w-0 flex-col agent-turn\" tabindex=\"-1\">\n<div class=\"flex max-w-full flex-col grow\">\n<div class=\"min-h-8 text-message relative flex w-full flex-col items-end gap-2 text-start break-words whitespace-normal [.text-message+&amp;]:mt-1\" dir=\"auto\" data-message-author-role=\"assistant\" data-message-id=\"deef6676-92eb-4da8-b1db-5405e247a476\" data-message-model-slug=\"gpt-5-2\">\n<div class=\"flex w-full flex-col gap-1 empty:hidden first:pt-[1px]\">\n<div class=\"markdown prose dark:prose-invert w-full break-words light markdown-new-styling\">\n<p data-start=\"83\" data-end=\"361\"><strong data-start=\"83\" data-end=\"119\">Az\u0259rbaycan.media <\/strong>x\u0259b\u0259r verir ki, Fransan\u0131n PSJ klubunda \u00e7\u0131x\u0131\u015f ed\u0259n cinah oyun\u00e7usu Xvi\u00e7a Kvaratsxeliya G\u00fcrc\u00fcstanda ilin futbol\u00e7usu ad\u0131na layiq g\u00f6r\u00fcl\u00fcb. G\u00fcrc\u00fcstan millisinin \u00fczv\u00fc bu titulu be\u015finci d\u0259f\u0259 qazanmaqla \u00f6lk\u0259 futbolunun \u0259fsan\u0259si Kaxa Kaladzenin rekordunu t\u0259krarlay\u0131b.<\/p>\n<p data-start=\"363\" data-end=\"673\">2025-ci il Kvaratsxeliya \u00fc\u00e7\u00fcn son d\u0259r\u0259c\u0259 u\u011furlu olub. G\u00fcrc\u00fc futbol\u00e7u PSJ formas\u0131 il\u0259 alt\u0131 kubok qazanaraq m\u00f6vs\u00fcm\u0259 dam\u011fa vurub. O, Fransa Liqa 1-in, Fransa Kubokunun, Fransa Super Kubokunun qalibi olmaqla yana\u015f\u0131, UEFA \u00c7empionlar Liqas\u0131n\u0131, UEFA Superkubokunu v\u0259 FIFA Qit\u0259l\u0259raras\u0131 Kubokunu da muzeyin\u0259 \u0259lav\u0259 edib.<\/p>\n<p data-start=\"675\" data-end=\"791\">Xvi\u00e7a Kvaratsxeliya m\u00f6vs\u00fcm \u0259rzind\u0259 \u0259vv\u0259lki klubu \u201cNapoli\u201d il\u0259 d\u0259 u\u011fur qazanaraq \u0130taliya A Seriyas\u0131n\u0131n \u00e7empionu olub.<\/p>\n<p data-start=\"793\" data-end=\"897\" data-is-last-node=\"\" data-is-only-node=\"\">Qeyd ed\u0259k ki, Xvi\u00e7a Kvaratsxeliya Az\u0259rbaycan millisinin sabiq futbol\u00e7usu Badri Kvaratsxeliyan\u0131n o\u011fludur.<\/p>\n<\/div>\n<\/div>\n<\/div>\n<\/div>\n<\/div>\n<\/div>\n<\/article>\n<\/div>\n<\/div>\n<div id=\"thread-bottom-container\" class=\"sticky bottom-0 group\/thread-bottom-container relative isolate z-10 w-full basis-auto has-data-has-thread-error:pt-2 has-data-has-thread-error:[box-shadow:var(--sharp-edge-bottom-shadow)] md:border-transparent md:pt-0 dark:border-white\/20 md:dark:border-transparent print:hidden content-fade single-line flex flex-col\">\n<div class=\"-mt-4 text-token-text-secondary relative flex min-h-8 w-full items-center justify-center p-2 text-center text-xs [view-transition-name:var(--vt-disclaimer)] md:px-[60px]\">\n<div class=\"pointer-events-auto\"><\/div>\n<\/div>\n<\/div>\n","protected":false},"excerpt":{"rendered":"<p>Az\u0259rbaycan.media x\u0259b\u0259r verir ki, Fransan\u0131n PSJ klubunda \u00e7\u0131x\u0131\u015f ed\u0259n cinah oyun\u00e7usu Xvi\u00e7a Kvaratsxeliya G\u00fcrc\u00fcstanda ilin futbol\u00e7usu ad\u0131na layiq g\u00f6r\u00fcl\u00fcb. G\u00fcrc\u00fcstan millisinin \u00fczv\u00fc bu titulu be\u015finci d\u0259f\u0259 qazanmaqla \u00f6lk\u0259 futbolunun \u0259fsan\u0259si&hellip; <\/p>\n","protected":false},"author":4,"featured_media":65461,"comment_status":"closed","ping_status":"closed","sticky":false,"template":"","format":"standard","meta":{"footnotes":""},"categories":[60],"tags":[],"class_list":["post-65460","post","type-post","status-publish","format-standard","has-post-thumbnail","hentry","category-idman"],"_links":{"self":[{"href":"https:\/\/azerbaycan.media\/index.php?rest_route=\/wp\/v2\/posts\/65460","targetHints":{"allow":["GET"]}}],"collection":[{"href":"https:\/\/azerbaycan.media\/index.php?rest_route=\/wp\/v2\/posts"}],"about":[{"href":"https:\/\/azerbaycan.media\/index.php?rest_route=\/wp\/v2\/types\/post"}],"author":[{"embeddable":true,"href":"https:\/\/azerbaycan.media\/index.php?rest_route=\/wp\/v2\/users\/4"}],"replies":[{"embeddable":true,"href":"https:\/\/azerbaycan.media\/index.php?rest_route=%2Fwp%2Fv2%2Fcomments&post=65460"}],"version-history":[{"count":2,"href":"https:\/\/azerbaycan.media\/index.php?rest_route=\/wp\/v2\/posts\/65460\/revisions"}],"predecessor-version":[{"id":65463,"href":"https:\/\/azerbaycan.media\/index.php?rest_route=\/wp\/v2\/posts\/65460\/revisions\/65463"}],"wp:featuredmedia":[{"embeddable":true,"href":"https:\/\/azerbaycan.media\/index.php?rest_route=\/wp\/v2\/media\/65461"}],"wp:attachment":[{"href":"https:\/\/azerbaycan.media\/index.php?rest_route=%2Fwp%2Fv2%2Fmedia&parent=65460"}],"wp:term":[{"taxonomy":"category","embeddable":true,"href":"https:\/\/azerbaycan.media\/index.php?rest_route=%2Fwp%2Fv2%2Fcategories&post=65460"},{"taxonomy":"post_tag","embeddable":true,"href":"https:\/\/azerbaycan.media\/index.php?rest_route=%2Fwp%2Fv2%2Ftags&post=65460"}],"curies":[{"name":"wp","href":"https:\/\/api.w.org\/{rel}","templated":true}]}}