{"id":65407,"date":"2025-12-29T13:30:13","date_gmt":"2025-12-29T09:30:13","guid":{"rendered":"https:\/\/azerbaycan.media\/?p=65407"},"modified":"2025-12-29T13:31:08","modified_gmt":"2025-12-29T09:31:08","slug":"iranda-helikopter-q%c9%99zasinda-h%c9%99lak-olan-kecmis-prezident-ibrahim-r%c9%99isinin-heyk%c9%99li-ucaldilacaq","status":"publish","type":"post","link":"https:\/\/azerbaycan.media\/?p=65407","title":{"rendered":"\u0130randa helikopter q\u0259zas\u0131nda h\u0259lak olan ke\u00e7mi\u015f prezident \u0130brahim R\u0259isinin heyk\u0259li ucald\u0131lacaq"},"content":{"rendered":"<p data-start=\"100\" data-end=\"278\"><strong>Az\u0259rbaycan.media<\/strong> x\u0259b\u0259r verir ki, \u0130ran\u0131n ke\u00e7mi\u015f prezidenti \u0130brahim R\u0259isinin \u018frd\u0259bil \u015f\u0259h\u0259rind\u0259 heyk\u0259li ucald\u0131lacaq. Bu bar\u0259d\u0259 m\u0259lumat yerli sosial media \u015f\u0259b\u0259k\u0259l\u0259rind\u0259 yay\u0131mlan\u0131b.<\/p>\n<p data-start=\"280\" data-end=\"523\">Payla\u015f\u0131mlarda qeyd olunur ki, bu, \u018frd\u0259bild\u0259 son vaxtlar ucald\u0131lan S\u0259di \u015eirazi heyk\u0259lind\u0259n sonra ikinci bel\u0259 n\u00fcmun\u0259dir. Yerli sakinl\u0259r \u015f\u0259h\u0259rd\u0259 Az\u0259rbaycan \u015f\u0259xsiyy\u0259tl\u0259rinin heyk\u0259ll\u0259rinin ucald\u0131lmas\u0131n\u0131 g\u00f6zl\u0259s\u0259l\u0259r d\u0259, bu h\u0259l\u0259 h\u0259yata ke\u00e7irilm\u0259yib.<\/p>\n<p data-start=\"525\" data-end=\"818\" data-is-last-node=\"\" data-is-only-node=\"\">Qeyd ed\u0259k ki, \u0130ran\u0131n ke\u00e7mi\u015f prezidenti \u0130brahim R\u0259isi, xarici i\u015fl\u0259r naziri H\u00fcseyn \u018fmir Abdullahian, T\u0259brizin imam c\u00fcm\u0259si Ay\u0259tullah \u018fli Al-Ha\u015fim v\u0259 \u015e\u0259rqi Az\u0259rbaycan vilay\u0259tinin valisi Malik R\u0259hm\u0259ti 2024-c\u00fc il may\u0131n 19-da \u015e\u0259rqi Az\u0259rbaycan vilay\u0259tind\u0259 ba\u015f ver\u0259n helikopter q\u0259zas\u0131nda h\u0259lak olublar.<\/p>\n","protected":false},"excerpt":{"rendered":"<p>Az\u0259rbaycan.media x\u0259b\u0259r verir ki, \u0130ran\u0131n ke\u00e7mi\u015f prezidenti \u0130brahim R\u0259isinin \u018frd\u0259bil \u015f\u0259h\u0259rind\u0259 heyk\u0259li ucald\u0131lacaq. Bu bar\u0259d\u0259 m\u0259lumat yerli sosial media \u015f\u0259b\u0259k\u0259l\u0259rind\u0259 yay\u0131mlan\u0131b. Payla\u015f\u0131mlarda qeyd olunur ki, bu, \u018frd\u0259bild\u0259 son vaxtlar ucald\u0131lan&hellip; <\/p>\n","protected":false},"author":4,"featured_media":65408,"comment_status":"closed","ping_status":"closed","sticky":false,"template":"","format":"standard","meta":{"footnotes":""},"categories":[55],"tags":[],"class_list":["post-65407","post","type-post","status-publish","format-standard","has-post-thumbnail","hentry","category-dunya"],"_links":{"self":[{"href":"https:\/\/azerbaycan.media\/index.php?rest_route=\/wp\/v2\/posts\/65407","targetHints":{"allow":["GET"]}}],"collection":[{"href":"https:\/\/azerbaycan.media\/index.php?rest_route=\/wp\/v2\/posts"}],"about":[{"href":"https:\/\/azerbaycan.media\/index.php?rest_route=\/wp\/v2\/types\/post"}],"author":[{"embeddable":true,"href":"https:\/\/azerbaycan.media\/index.php?rest_route=\/wp\/v2\/users\/4"}],"replies":[{"embeddable":true,"href":"https:\/\/azerbaycan.media\/index.php?rest_route=%2Fwp%2Fv2%2Fcomments&post=65407"}],"version-history":[{"count":2,"href":"https:\/\/azerbaycan.media\/index.php?rest_route=\/wp\/v2\/posts\/65407\/revisions"}],"predecessor-version":[{"id":65411,"href":"https:\/\/azerbaycan.media\/index.php?rest_route=\/wp\/v2\/posts\/65407\/revisions\/65411"}],"wp:featuredmedia":[{"embeddable":true,"href":"https:\/\/azerbaycan.media\/index.php?rest_route=\/wp\/v2\/media\/65408"}],"wp:attachment":[{"href":"https:\/\/azerbaycan.media\/index.php?rest_route=%2Fwp%2Fv2%2Fmedia&parent=65407"}],"wp:term":[{"taxonomy":"category","embeddable":true,"href":"https:\/\/azerbaycan.media\/index.php?rest_route=%2Fwp%2Fv2%2Fcategories&post=65407"},{"taxonomy":"post_tag","embeddable":true,"href":"https:\/\/azerbaycan.media\/index.php?rest_route=%2Fwp%2Fv2%2Ftags&post=65407"}],"curies":[{"name":"wp","href":"https:\/\/api.w.org\/{rel}","templated":true}]}}