{"id":64906,"date":"2025-12-25T15:23:05","date_gmt":"2025-12-25T11:23:05","guid":{"rendered":"https:\/\/azerbaycan.media\/?p=64906"},"modified":"2025-12-25T15:23:05","modified_gmt":"2025-12-25T11:23:05","slug":"bakida-67-yasli-kisi-evind%c9%99-olu-tapildi","status":"publish","type":"post","link":"https:\/\/azerbaycan.media\/?p=64906","title":{"rendered":"Bak\u0131da 67 ya\u015fl\u0131 ki\u015fi evind\u0259 \u00f6l\u00fc tap\u0131ld\u0131"},"content":{"rendered":"<p data-start=\"0\" data-end=\"43\">\n<p data-start=\"45\" data-end=\"105\"><strong>Az\u0259rbaycan.media<\/strong> x\u0259b\u0259r verir ki, Bak\u0131da evd\u0259n meyit tap\u0131l\u0131b.<\/p>\n<p data-start=\"107\" data-end=\"265\">Hadis\u0259 paytaxt\u0131n Nizami rayonu \u0259razisind\u0259 qeyd\u0259 al\u0131n\u0131b. 67 ya\u015fl\u0131 M\u0259mm\u0259d\u0259liyev Afil N\u0259rman o\u011flu ya\u015fad\u0131\u011f\u0131 evd\u0259 \u00f6l\u00fc halda a\u015fkarlan\u0131b.<\/p>\n<p data-start=\"267\" data-end=\"341\" data-is-last-node=\"\" data-is-only-node=\"\">M\u0259rhumun \u00f6l\u00fcm s\u0259b\u0259bi h\u0259l\u0259lik m\u0259lum deyil. Faktla ba\u011fl\u0131 ara\u015fd\u0131rma apar\u0131l\u0131r.<\/p>\n","protected":false},"excerpt":{"rendered":"<p>Az\u0259rbaycan.media x\u0259b\u0259r verir ki, Bak\u0131da evd\u0259n meyit tap\u0131l\u0131b. Hadis\u0259 paytaxt\u0131n Nizami rayonu \u0259razisind\u0259 qeyd\u0259 al\u0131n\u0131b. 67 ya\u015fl\u0131 M\u0259mm\u0259d\u0259liyev Afil N\u0259rman o\u011flu ya\u015fad\u0131\u011f\u0131 evd\u0259 \u00f6l\u00fc halda a\u015fkarlan\u0131b. M\u0259rhumun \u00f6l\u00fcm s\u0259b\u0259bi h\u0259l\u0259lik&hellip; <\/p>\n","protected":false},"author":4,"featured_media":64907,"comment_status":"closed","ping_status":"closed","sticky":false,"template":"","format":"standard","meta":{"footnotes":""},"categories":[62],"tags":[],"class_list":["post-64906","post","type-post","status-publish","format-standard","has-post-thumbnail","hentry","category-hadis"],"_links":{"self":[{"href":"https:\/\/azerbaycan.media\/index.php?rest_route=\/wp\/v2\/posts\/64906","targetHints":{"allow":["GET"]}}],"collection":[{"href":"https:\/\/azerbaycan.media\/index.php?rest_route=\/wp\/v2\/posts"}],"about":[{"href":"https:\/\/azerbaycan.media\/index.php?rest_route=\/wp\/v2\/types\/post"}],"author":[{"embeddable":true,"href":"https:\/\/azerbaycan.media\/index.php?rest_route=\/wp\/v2\/users\/4"}],"replies":[{"embeddable":true,"href":"https:\/\/azerbaycan.media\/index.php?rest_route=%2Fwp%2Fv2%2Fcomments&post=64906"}],"version-history":[{"count":2,"href":"https:\/\/azerbaycan.media\/index.php?rest_route=\/wp\/v2\/posts\/64906\/revisions"}],"predecessor-version":[{"id":64909,"href":"https:\/\/azerbaycan.media\/index.php?rest_route=\/wp\/v2\/posts\/64906\/revisions\/64909"}],"wp:featuredmedia":[{"embeddable":true,"href":"https:\/\/azerbaycan.media\/index.php?rest_route=\/wp\/v2\/media\/64907"}],"wp:attachment":[{"href":"https:\/\/azerbaycan.media\/index.php?rest_route=%2Fwp%2Fv2%2Fmedia&parent=64906"}],"wp:term":[{"taxonomy":"category","embeddable":true,"href":"https:\/\/azerbaycan.media\/index.php?rest_route=%2Fwp%2Fv2%2Fcategories&post=64906"},{"taxonomy":"post_tag","embeddable":true,"href":"https:\/\/azerbaycan.media\/index.php?rest_route=%2Fwp%2Fv2%2Ftags&post=64906"}],"curies":[{"name":"wp","href":"https:\/\/api.w.org\/{rel}","templated":true}]}}